{"id":10329,"date":"2026-02-24T11:56:26","date_gmt":"2026-02-24T10:56:26","guid":{"rendered":"https:\/\/www.ville-blanzat.fr\/?p=10329"},"modified":"2026-02-24T14:14:56","modified_gmt":"2026-02-24T13:14:56","slug":"coup-de-projo-2026","status":"publish","type":"post","link":"https:\/\/www.ville-blanzat.fr\/index.php\/2026\/02\/24\/coup-de-projo-2026\/","title":{"rendered":"Coup de Projo sur &#8230; les guitares 2026"},"content":{"rendered":"\n<p>&nbsp;Les Guitares dans toutes les situations, ou presque\u2026<\/p>\n\n\n\n<p>Douze rendez-vous entre mars et juillet 2026 !<\/p>\n\n\n\n<p>L\u2019\u00c9cole de Musique &#8211; Th\u00e9\u00e2tre de la Vall\u00e9e du B\u00e9dat s\u2019associe \u00e0 S\u00e9maphore, La Muscade et \u00e0 la m\u00e9diath\u00e8que Aim\u00e9-C\u00e9saire pour d\u00e9dier son \u00ab Coup de Projo \u00bb \u00e0 l\u2019instrument populaire par excellence, la guitare, ou plut\u00f4t LES guitares !<\/p>\n\n\n\n<pre class=\"wp-block-code\"><code><\/code><\/pre>\n\n\n\n<p><a href=\"https:\/\/www.calameo.com\/read\/00122485404e31db4b463\" title=\"\">D\u00e9couvrez le programme complet <\/a><\/p>\n\n\n\n<figure class=\"wp-block-image size-full\"><a href=\"https:\/\/www.calameo.com\/read\/00122485404e31db4b463\"><img fetchpriority=\"high\" decoding=\"async\" width=\"419\" height=\"595\" src=\"https:\/\/www.ville-blanzat.fr\/wp-content\/uploads\/2026\/02\/affiche-coup-de-projo.jpg\" alt=\"\" class=\"wp-image-10341\" srcset=\"https:\/\/www.ville-blanzat.fr\/wp-content\/uploads\/2026\/02\/affiche-coup-de-projo.jpg 419w, https:\/\/www.ville-blanzat.fr\/wp-content\/uploads\/2026\/02\/affiche-coup-de-projo-768x1090.jpg 768w\" sizes=\"(max-width: 419px) 100vw, 419px\" \/><\/a><\/figure>\n\n\n\n<p><\/p>\n","protected":false},"excerpt":{"rendered":"<p>&nbsp;Les Guitares dans toutes les situations, ou presque\u2026 Douze rendez-vous entre mars et juillet 2026 ! L\u2019\u00c9cole de Musique &#8211; Th\u00e9\u00e2tre de la Vall\u00e9e du B\u00e9dat s\u2019associe \u00e0 S\u00e9maphore, La Muscade et \u00e0 la m\u00e9diath\u00e8que Aim\u00e9-C\u00e9saire pour d\u00e9dier son \u00ab Coup de Projo \u00bb \u00e0 l\u2019instrument populaire par excellence, la &hellip;<\/p>\n","protected":false},"author":1,"featured_media":10341,"comment_status":"closed","ping_status":"open","sticky":false,"template":"","format":"standard","meta":{"footnotes":""},"categories":[91],"tags":[],"class_list":["post-10329","post","type-post","status-publish","format-standard","has-post-thumbnail","hentry","category-non-classe-fr"],"aioseo_notices":[],"_links":{"self":[{"href":"https:\/\/www.ville-blanzat.fr\/index.php\/wp-json\/wp\/v2\/posts\/10329","targetHints":{"allow":["GET"]}}],"collection":[{"href":"https:\/\/www.ville-blanzat.fr\/index.php\/wp-json\/wp\/v2\/posts"}],"about":[{"href":"https:\/\/www.ville-blanzat.fr\/index.php\/wp-json\/wp\/v2\/types\/post"}],"author":[{"embeddable":true,"href":"https:\/\/www.ville-blanzat.fr\/index.php\/wp-json\/wp\/v2\/users\/1"}],"replies":[{"embeddable":true,"href":"https:\/\/www.ville-blanzat.fr\/index.php\/wp-json\/wp\/v2\/comments?post=10329"}],"version-history":[{"count":14,"href":"https:\/\/www.ville-blanzat.fr\/index.php\/wp-json\/wp\/v2\/posts\/10329\/revisions"}],"predecessor-version":[{"id":10347,"href":"https:\/\/www.ville-blanzat.fr\/index.php\/wp-json\/wp\/v2\/posts\/10329\/revisions\/10347"}],"wp:featuredmedia":[{"embeddable":true,"href":"https:\/\/www.ville-blanzat.fr\/index.php\/wp-json\/wp\/v2\/media\/10341"}],"wp:attachment":[{"href":"https:\/\/www.ville-blanzat.fr\/index.php\/wp-json\/wp\/v2\/media?parent=10329"}],"wp:term":[{"taxonomy":"category","embeddable":true,"href":"https:\/\/www.ville-blanzat.fr\/index.php\/wp-json\/wp\/v2\/categories?post=10329"},{"taxonomy":"post_tag","embeddable":true,"href":"https:\/\/www.ville-blanzat.fr\/index.php\/wp-json\/wp\/v2\/tags?post=10329"}],"curies":[{"name":"wp","href":"https:\/\/api.w.org\/{rel}","templated":true}]}}