{"id":5831,"date":"2022-03-28T13:58:07","date_gmt":"2022-03-28T11:58:07","guid":{"rendered":"http:\/\/www.ville-blanzat.fr\/?p=5831"},"modified":"2024-04-12T11:42:18","modified_gmt":"2024-04-12T09:42:18","slug":"gestion-dechet-verts","status":"publish","type":"post","link":"https:\/\/www.ville-blanzat.fr\/index.php\/2022\/03\/28\/gestion-dechet-verts\/","title":{"rendered":"GESTION DES D\u00c9CHETS VERTS"},"content":{"rendered":"<p><img fetchpriority=\"high\" decoding=\"async\" class=\"aligncenter\" src=\"https:\/\/www.ville-blanzat.fr\/wp-content\/uploads\/2022\/03\/brulage-dechets-722x1024.jpg\" sizes=\"(max-width: 722px) 100vw, 722px\" srcset=\"https:\/\/www.ville-blanzat.fr\/wp-content\/uploads\/2022\/03\/brulage-dechets-722x1024.jpg 722w, https:\/\/www.ville-blanzat.fr\/wp-content\/uploads\/2022\/03\/brulage-dechets-211x300.jpg 211w, https:\/\/www.ville-blanzat.fr\/wp-content\/uploads\/2022\/03\/brulage-dechets-768x1090.jpg 768w, https:\/\/www.ville-blanzat.fr\/wp-content\/uploads\/2022\/03\/brulage-dechets-141x200.jpg 141w, https:\/\/www.ville-blanzat.fr\/wp-content\/uploads\/2022\/03\/brulage-dechets.jpg 836w\" alt=\"\" width=\"722\" height=\"1024\" \/><\/p>\n<p>L\u2019entretien du jardin pour un particulier g\u00e9n\u00e8re en moyenne\u00a0<strong>160 kg de d\u00e9chets verts<\/strong>\u00a0par personne et par an. Pour s\u2019en d\u00e9barrasser,\u00a0<strong>9 % des foyers les br\u00fblent<\/strong>, ce qui repr\u00e9sente pr\u00e8s d\u2019un million de tonnes par an, bien que cette\u00a0<strong>pratique soit interdite<\/strong>\u00a0depuis de nombreuses ann\u00e9es.<\/p>\n<p>Des solutions alternatives individuelles ou collectives, respectueuses de la qualit\u00e9 de l\u2019air et de l\u2019environnement et simples \u00e0 mettre en oeuvre existent pourtant tels que le compostage, le paillage ou encore l\u2019apport en d\u00e9ch\u00e8terie.<\/p>\n<p><strong>Br\u00fblage, attention danger !<\/strong><\/p>\n<p>Outre les risques d\u2019incendie qu\u2019il g\u00e9n\u00e8re et les troubles de voisinage caus\u00e9s par les odeurs et la fum\u00e9e, le br\u00fblage des d\u00e9chets verts m\u00e9nagers contribue significativement \u00e0 la d\u00e9gradation de la qualit\u00e9 de l\u2019air et nuit \u00e0 l\u2019environnement et \u00e0 la sant\u00e9.<br \/>\n7 t de particules fines sont \u00e9mises chaque ann\u00e9e \u00e0 l\u2019\u00e9chelle de Clermont Auvergne M\u00e9tropole par le br\u00fblage des d\u00e9chets verts des particuliers et des activit\u00e9s agricoles, soit 1,2 % des \u00e9missions totales du territoire.<br \/>\nA titre indicatif et au niveau des rejets polluants,\u00a0<strong>50 kg de d\u00e9chets verts brul\u00e9s \u00e9quivaut \u00e0 13 000 km<\/strong>\u00a0parcourus avec un v\u00e9hicule diesel r\u00e9cent ( Source ATMO AuRA\u2013 2016).<\/p>\n<p>En effet, le br\u00fblage des d\u00e9chets verts est une combustion peu performante. Elle \u00e9met une tr\u00e8s grande quantit\u00e9 d\u2019imbr\u00fbl\u00e9s, en particulier si les v\u00e9g\u00e9taux sont humides. Les particules v\u00e9hiculent des compos\u00e9s canc\u00e9rig\u00e8nes. Le br\u00fblage des d\u00e9chets \u00e9met \u00e9galement du monoxyde de carbone. En outre, la toxicit\u00e9 des substances \u00e9mises peut \u00eatre accrue quand sont associ\u00e9s d\u2019autres d\u00e9chets comme des plastiques ou des bois trait\u00e9s.<\/p>\n<p><strong>PLUS D&rsquo;INFORMATIONS SUR LE SITE DE VALTOM 63: <\/strong><a role=\"button\" href=\"https:\/\/www.valtom63.fr\/actualites\/non-au-brulage-des-dechets-verts\/\">VALTOM 63<br \/>\n<\/a><\/p>\n","protected":false},"excerpt":{"rendered":"<p>L\u2019entretien du jardin pour un particulier g\u00e9n\u00e8re en moyenne\u00a0160 kg de d\u00e9chets verts\u00a0par personne et par an. Pour s\u2019en d\u00e9barrasser,\u00a09 % des foyers les br\u00fblent, ce qui repr\u00e9sente pr\u00e8s d\u2019un million de tonnes par an, bien que cette\u00a0pratique soit interdite\u00a0depuis de nombreuses ann\u00e9es. Des solutions alternatives individuelles ou collectives, respectueuses &hellip;<\/p>\n","protected":false},"author":1,"featured_media":7798,"comment_status":"closed","ping_status":"open","sticky":false,"template":"","format":"standard","meta":{"footnotes":""},"categories":[1],"tags":[],"class_list":["post-5831","post","type-post","status-publish","format-standard","has-post-thumbnail","hentry","category-decouvrir-blanzat"],"aioseo_notices":[],"_links":{"self":[{"href":"https:\/\/www.ville-blanzat.fr\/index.php\/wp-json\/wp\/v2\/posts\/5831","targetHints":{"allow":["GET"]}}],"collection":[{"href":"https:\/\/www.ville-blanzat.fr\/index.php\/wp-json\/wp\/v2\/posts"}],"about":[{"href":"https:\/\/www.ville-blanzat.fr\/index.php\/wp-json\/wp\/v2\/types\/post"}],"author":[{"embeddable":true,"href":"https:\/\/www.ville-blanzat.fr\/index.php\/wp-json\/wp\/v2\/users\/1"}],"replies":[{"embeddable":true,"href":"https:\/\/www.ville-blanzat.fr\/index.php\/wp-json\/wp\/v2\/comments?post=5831"}],"version-history":[{"count":15,"href":"https:\/\/www.ville-blanzat.fr\/index.php\/wp-json\/wp\/v2\/posts\/5831\/revisions"}],"predecessor-version":[{"id":7800,"href":"https:\/\/www.ville-blanzat.fr\/index.php\/wp-json\/wp\/v2\/posts\/5831\/revisions\/7800"}],"wp:featuredmedia":[{"embeddable":true,"href":"https:\/\/www.ville-blanzat.fr\/index.php\/wp-json\/wp\/v2\/media\/7798"}],"wp:attachment":[{"href":"https:\/\/www.ville-blanzat.fr\/index.php\/wp-json\/wp\/v2\/media?parent=5831"}],"wp:term":[{"taxonomy":"category","embeddable":true,"href":"https:\/\/www.ville-blanzat.fr\/index.php\/wp-json\/wp\/v2\/categories?post=5831"},{"taxonomy":"post_tag","embeddable":true,"href":"https:\/\/www.ville-blanzat.fr\/index.php\/wp-json\/wp\/v2\/tags?post=5831"}],"curies":[{"name":"wp","href":"https:\/\/api.w.org\/{rel}","templated":true}]}}