{"id":9791,"date":"2025-06-23T10:47:34","date_gmt":"2025-06-23T08:47:34","guid":{"rendered":"https:\/\/www.ville-blanzat.fr\/?p=9791"},"modified":"2026-01-14T10:26:16","modified_gmt":"2026-01-14T09:26:16","slug":"suite-a-la-cloture-de-lenquete-publique-du-plui-et-pda-de-cebazat-et-cournon-dauvergne-nous-vous-informons-que-la-commission-denquete-a-emis-un-avis-favorable-assortis-de-recommandations","status":"publish","type":"post","link":"https:\/\/www.ville-blanzat.fr\/index.php\/2025\/06\/23\/suite-a-la-cloture-de-lenquete-publique-du-plui-et-pda-de-cebazat-et-cournon-dauvergne-nous-vous-informons-que-la-commission-denquete-a-emis-un-avis-favorable-assortis-de-recommandations\/","title":{"rendered":"approbation PLUI"},"content":{"rendered":"\n<p><a href=\"https:\/\/www.ville-blanzat.fr\/wp-content\/uploads\/2026\/01\/Delib-Approbation-du-Plan-Local-dUrbanisme-Intercommunal-PLUI-1.pdf\">https:\/\/www.ville-blanzat.fr\/wp-content\/uploads\/2026\/01\/Delib-Approbation-du-Plan-Local-dUrbanisme-Intercommunal-PLUI-1.pdf<\/a><\/p>\n\n\n\n<p><a href=\"https:\/\/www.ville-blanzat.fr\/wp-content\/uploads\/2026\/01\/260107_AP_Candidatures-1.pdf\">https:\/\/www.ville-blanzat.fr\/wp-content\/uploads\/2026\/01\/260107_AP_Candidatures-1.pdf<\/a><\/p>\n\n\n\n<p><a href=\"https:\/\/www.ville-blanzat.fr\/wp-content\/uploads\/2026\/01\/Delib-Approbation-du-Plan-Local-dUrbanisme-Intercommunal-PLUI-1.pdf\">https:\/\/www.ville-blanzat.fr\/wp-content\/uploads\/2026\/01\/Delib-Approbation-du-Plan-Local-dUrbanisme-Intercommunal-PLUI-1.pdf<\/a><\/p>\n\n\n\n<h2 class=\"wp-block-heading\">cl\u00f4ture de l&rsquo;enqu\u00eate publique du PLUi et PDA<\/h2>\n\n\n\n<p>Suite \u00e0 la cl\u00f4ture de l&rsquo;enqu\u00eate publique du PLUi et PDA (de C\u00e9bazat et Cournon d&rsquo;Auvergne), nous vous informons que la Commission d&rsquo;enqu\u00eate a \u00e9mis&nbsp;un avis favorable assortis de recommandations sur le lien ci dessous.<\/p>\n\n\n\n<p>Vous trouverez \u00e9galement sur ce lien le rapport et les conclusions de l&rsquo;enqu\u00eate publique relative aux zonages d&rsquo;assainissement des eaux us\u00e9es et des eaux pluviales.<\/p>\n\n\n\n<p><a style=\"white-space: normal;\" href=\"https:\/\/plu.clermontmetropole.eu\/mediatheque\/\" title=\"\">lien https:\/\/plu.clermontmetropole.eu\/mediatheque\/<\/a><\/p>\n","protected":false},"excerpt":{"rendered":"<p>https:\/\/www.ville-blanzat.fr\/wp-content\/uploads\/2026\/01\/Delib-Approbation-du-Plan-Local-dUrbanisme-Intercommunal-PLUI-1.pdf https:\/\/www.ville-blanzat.fr\/wp-content\/uploads\/2026\/01\/260107_AP_Candidatures-1.pdf https:\/\/www.ville-blanzat.fr\/wp-content\/uploads\/2026\/01\/Delib-Approbation-du-Plan-Local-dUrbanisme-Intercommunal-PLUI-1.pdf cl\u00f4ture de l&rsquo;enqu\u00eate publique du PLUi et PDA Suite \u00e0 la cl\u00f4ture de l&rsquo;enqu\u00eate publique du PLUi et PDA (de C\u00e9bazat et Cournon d&rsquo;Auvergne), nous vous informons que la Commission d&rsquo;enqu\u00eate a \u00e9mis&nbsp;un avis favorable assortis de recommandations sur le lien ci dessous. Vous trouverez \u00e9galement sur &hellip;<\/p>\n","protected":false},"author":1,"featured_media":9792,"comment_status":"closed","ping_status":"open","sticky":false,"template":"","format":"standard","meta":{"footnotes":""},"categories":[91],"tags":[],"class_list":["post-9791","post","type-post","status-publish","format-standard","has-post-thumbnail","hentry","category-non-classe-fr"],"aioseo_notices":[],"_links":{"self":[{"href":"https:\/\/www.ville-blanzat.fr\/index.php\/wp-json\/wp\/v2\/posts\/9791","targetHints":{"allow":["GET"]}}],"collection":[{"href":"https:\/\/www.ville-blanzat.fr\/index.php\/wp-json\/wp\/v2\/posts"}],"about":[{"href":"https:\/\/www.ville-blanzat.fr\/index.php\/wp-json\/wp\/v2\/types\/post"}],"author":[{"embeddable":true,"href":"https:\/\/www.ville-blanzat.fr\/index.php\/wp-json\/wp\/v2\/users\/1"}],"replies":[{"embeddable":true,"href":"https:\/\/www.ville-blanzat.fr\/index.php\/wp-json\/wp\/v2\/comments?post=9791"}],"version-history":[{"count":5,"href":"https:\/\/www.ville-blanzat.fr\/index.php\/wp-json\/wp\/v2\/posts\/9791\/revisions"}],"predecessor-version":[{"id":10283,"href":"https:\/\/www.ville-blanzat.fr\/index.php\/wp-json\/wp\/v2\/posts\/9791\/revisions\/10283"}],"wp:featuredmedia":[{"embeddable":true,"href":"https:\/\/www.ville-blanzat.fr\/index.php\/wp-json\/wp\/v2\/media\/9792"}],"wp:attachment":[{"href":"https:\/\/www.ville-blanzat.fr\/index.php\/wp-json\/wp\/v2\/media?parent=9791"}],"wp:term":[{"taxonomy":"category","embeddable":true,"href":"https:\/\/www.ville-blanzat.fr\/index.php\/wp-json\/wp\/v2\/categories?post=9791"},{"taxonomy":"post_tag","embeddable":true,"href":"https:\/\/www.ville-blanzat.fr\/index.php\/wp-json\/wp\/v2\/tags?post=9791"}],"curies":[{"name":"wp","href":"https:\/\/api.w.org\/{rel}","templated":true}]}}